{"id":12647,"date":"2025-11-30T11:50:06","date_gmt":"2025-11-30T11:50:06","guid":{"rendered":"https:\/\/2pai-nord.ci\/web\/?p=12647"},"modified":"2025-11-30T12:00:58","modified_gmt":"2025-11-30T12:00:58","slug":"suivi-environnemental-et-agriculture-resiliente-en-cote-divoire-le-2pai-nord-offre-des-equipements-dune-valeur-de-200-millions-a-loren","status":"publish","type":"post","link":"https:\/\/2pai-nord.ci\/web\/2025\/11\/30\/suivi-environnemental-et-agriculture-resiliente-en-cote-divoire-le-2pai-nord-offre-des-equipements-dune-valeur-de-200-millions-a-loren\/","title":{"rendered":"Suivi environnemental et agriculture r\u00e9siliente en c\u00f4te d\u2019ivoire : le 2pai-nord offre des \u00e9quipements d\u2019une valeur de 200 millions \u00e0 l\u2019OREN"},"content":{"rendered":"\t\t<div data-elementor-type=\"wp-post\" data-elementor-id=\"12647\" class=\"elementor elementor-12647\" data-elementor-post-type=\"post\">\n\t\t\t\t<div class=\"has_eae_slider elementor-element elementor-element-6a5f11fc e-flex e-con-boxed e-con e-parent\" data-eae-slider=\"71201\" data-id=\"6a5f11fc\" data-element_type=\"container\">\n\t\t\t\t\t<div class=\"e-con-inner\">\n\t\t\t\t<div class=\"elementor-element elementor-element-71671467 elementor-widget elementor-widget-text-editor\" data-id=\"71671467\" data-element_type=\"widget\" data-widget_type=\"text-editor.default\">\n\t\t\t\t<div class=\"elementor-widget-container\">\n\t\t\t\t\t\t\t\t\t<p style=\"text-align: justify;\"><em>Le Projet de P\u00f4le Agro-Industriel dans le Nord de la C\u00f4te d\u2019Ivoire (2PAI-NORD), mis en \u0153uvre sous la tutelle du Minist\u00e8re d\u2019Etat, Minist\u00e8re de l\u2019Agriculture, du D\u00e9veloppement Rural et des Productions Vivri\u00e8res, vient de doter l\u2019Observatoire de Recherche en Environnement (OREN) de Namb\u00e9kaha, d\u2019\u00e9quipements de laboratoire de derni\u00e8re g\u00e9n\u00e9ration.<\/em><\/p>\n<p style=\"text-align: justify;\">Ce sont, entre autres, des Sondes pi\u00e9zom\u00e9triques manuelles\u00a0; Valises multi param\u00e8tres d&#8217;analyses physico-chimiques\u00a0; Photom\u00e8tres solaire et lunaire\u00a0; Presseurs de miel\u00a0; Bo\u00eetes d&#8217;\u00e9levage de reptiles ou d&#8217;insectes\u00a0; R\u00e9fractom\u00e8tres Brix num\u00e9rique\u00a0; Gilets de flottaison\u00a0; Microscopes photographiques\u00a0; Analyseurs de r\u00e9f\u00e9rence\u00a0; Etuves universelles \u00e0 convection naturelle\u00a0; Distillateurs d&#8217;eau de laboratoire (Syst\u00e8me de production d&#8217;eau ultra pure MicroPure eau type ASTM I)\u00a0; etc.<\/p>\n\n<p style=\"text-align: justify;\"><img fetchpriority=\"high\" decoding=\"async\" class=\" wp-image-12648 alignleft\" src=\"https:\/\/2pai-nord.ci\/web\/wp-content\/uploads\/2025\/11\/19-300x200.jpg\" alt=\"\" width=\"431\" height=\"287\" srcset=\"https:\/\/2pai-nord.ci\/web\/wp-content\/uploads\/2025\/11\/19-300x200.jpg 300w, https:\/\/2pai-nord.ci\/web\/wp-content\/uploads\/2025\/11\/19-1024x683.jpg 1024w, https:\/\/2pai-nord.ci\/web\/wp-content\/uploads\/2025\/11\/19-768x512.jpg 768w, https:\/\/2pai-nord.ci\/web\/wp-content\/uploads\/2025\/11\/19-1536x1024.jpg 1536w, https:\/\/2pai-nord.ci\/web\/wp-content\/uploads\/2025\/11\/19.jpg 1800w\" sizes=\"(max-width: 431px) 100vw, 431px\" \/>D\u2019une valeur totale d\u2019environ 200 millions de FCFA, ces \u00e9quipements ont \u00e9t\u00e9 officiellement remis le vendredi 21 novembre 2025, \u00e0 l\u2019occasion de la Journ\u00e9e \u00ab\u00a0Portes Ouvertes\u00a0\u00bb organis\u00e9e par l\u2019OREN, au sein de l\u2019Universit\u00e9 P\u00e9l\u00e9foro Gbon COULIBALY (UPGC) de Korhogo. T\u00e9moins de l\u2019\u00e9v\u00e8nement, le Directeur de Cabinet Adjoint du Minist\u00e8re de l\u2019Enseignement Sup\u00e9rieur et de la Recherche Scientifique, les autorit\u00e9s administratives et coutumi\u00e8res de Korhogo, l\u2019Equipe de Coordination du 2PAI-NORD et l\u2019ensemble de la communaut\u00e9 universitaire et scientifique.<p\/>\n\n<p style=\"text-align: justify;\">Repr\u00e9sentant le Ministre d\u2019Etat, Ministre de l\u2019Agriculture, du D\u00e9veloppement Rural et des Productions Vivri\u00e8res \u00e0 cette c\u00e9r\u00e9monie, le Directeur R\u00e9gional en charge de l\u2019Agriculture du Poro, Monsieur Max POWA, tout en adressant les remerciements et les f\u00e9licitations de Monsieur le Ministre Kobenan Kouassi ADJOUMANI \u00e0 l\u2019OREN pour la pertinence de l\u2019initiative de la Journ\u00e9e \u00ab\u00a0Portes Ouvertes\u00a0\u00bb, a soulign\u00e9 l\u2019importance que rev\u00eat cet appui en \u00e9quipements.<p\/>\n\n<p style=\"text-align: justify;\">Pour lui, cela \u00ab\u00a0t\u00e9moigne de la priorit\u00e9 que le Gouvernement accorde au renforcement de la collaboration strat\u00e9gique entre le monde agricole et la recherche scientifique, dans la perspective d\u2019un d\u00e9veloppement durable et inclusif\u00a0\u00bb (\u2026), \u00ab\u00a0pour relever les d\u00e9fis environnementaux et climatiques qui impactent n\u00e9gativement notre environnement\u00a0\u00bb.<p\/>\n\n<p style=\"text-align: justify;\"><em>\u00ab\u00a0Le suivi environnemental n\u2019est pas une activit\u00e9 accessoire : il constitue la condition sine qua non d\u2019une agriculture r\u00e9siliente et performante. Les analyses et donn\u00e9es issues de ce laboratoire seront des outils d\u2019aide \u00e0 la d\u00e9cision inestimables pour orienter nos politiques agricoles, \u00e9clairer nos producteurs, renforcer la s\u00e9curit\u00e9 alimentaire et ainsi assurer un d\u00e9veloppement durable\u00a0\u00bb,<\/em> a-t-il insist\u00e9.<p\/>\n\n<p style=\"text-align: justify;\">Poursuivant, Monsieur Max POWA s\u2019est \u00e9galement f\u00e9licit\u00e9 de la signature d\u2019une Convention entre l\u2019UGPC et le 2PAI-NORD pour la mise en place prochaine d\u2019un incubateur d\u2019entreprises agro-industrielles au sein de l\u2019UPGC, ainsi que l\u2019appui \u00e0 la formation, \u00e0 l\u2019installation et au suivi de 800 jeunes dipl\u00f4m\u00e9s et non dipl\u00f4m\u00e9s. Cet incubateur, a-t-il dit, \u00ab\u00a0permettra aux initiatives les plus prometteuses de devenir des projets concrets, g\u00e9n\u00e9rateurs de croissance, d\u2019emplois pour notre jeunesse et de valeur ajout\u00e9e pour notre \u00e9conomie\u00a0\u00bb.<\/p>\n\n<p style=\"text-align: justify;\">Visiblement soulag\u00e9e par l\u2019appui du 2PAI-NORD, l\u2019UPGC de Korhogo s\u2019est engag\u00e9e \u00e0 contribuer activement \u00e0 relever les d\u00e9fis du changement climatique \u00e0 travers son observatoire de Namb\u00e9kaha. De l\u2019avis de Monsieur Djimbala DIAKITE, Directeur de Cabinet Adjoint du Minist\u00e8re de l\u2019Enseignement Sup\u00e9rieur et de la Recherche Scientifique, <em>\u00ab\u00a0l\u2019UPGC doit \u00eatre un acteur essentiel de croissance, un moteur de d\u00e9veloppement durable dans le grand Nord\u00a0\u00bb.<\/em><p\/>\t\t\t\t\t\t\t\t<\/div>\n\t\t\t\t<\/div>\n\t\t\t\t\t<\/div>\n\t\t\t\t<\/div>\n\t\t<div class=\"has_eae_slider elementor-element elementor-element-8503dc8 e-flex e-con-boxed e-con e-parent\" data-eae-slider=\"83932\" data-id=\"8503dc8\" data-element_type=\"container\">\n\t\t\t\t\t<div class=\"e-con-inner\">\n\t\t\t\t<div class=\"elementor-element elementor-element-fb504f1 elementor-arrows-position-outside elementor-pagination-position-outside elementor-widget elementor-widget-image-carousel\" data-id=\"fb504f1\" data-element_type=\"widget\" data-settings=\"{&quot;slides_to_show&quot;:&quot;1&quot;,&quot;navigation&quot;:&quot;both&quot;,&quot;autoplay&quot;:&quot;yes&quot;,&quot;pause_on_hover&quot;:&quot;yes&quot;,&quot;pause_on_interaction&quot;:&quot;yes&quot;,&quot;autoplay_speed&quot;:5000,&quot;infinite&quot;:&quot;yes&quot;,&quot;effect&quot;:&quot;slide&quot;,&quot;speed&quot;:500}\" data-widget_type=\"image-carousel.default\">\n\t\t\t\t<div class=\"elementor-widget-container\">\n\t\t\t\t\t\t\t<div class=\"elementor-image-carousel-wrapper swiper\" role=\"region\" aria-roledescription=\"carousel\" aria-label=\"Carrousel d\u2019images\" dir=\"ltr\">\n\t\t\t<div class=\"elementor-image-carousel swiper-wrapper\" aria-live=\"off\">\n\t\t\t\t\t\t\t\t<div class=\"swiper-slide\" role=\"group\" aria-roledescription=\"slide\" aria-label=\"1 sur 8\"><figure class=\"swiper-slide-inner\"><img decoding=\"async\" class=\"swiper-slide-image\" src=\"https:\/\/2pai-nord.ci\/web\/wp-content\/uploads\/2025\/11\/15.jpg\" alt=\"15\" \/><\/figure><\/div><div class=\"swiper-slide\" role=\"group\" aria-roledescription=\"slide\" aria-label=\"2 sur 8\"><figure class=\"swiper-slide-inner\"><img decoding=\"async\" class=\"swiper-slide-image\" src=\"https:\/\/2pai-nord.ci\/web\/wp-content\/uploads\/2025\/11\/19.jpg\" alt=\"19\" \/><\/figure><\/div><div class=\"swiper-slide\" role=\"group\" aria-roledescription=\"slide\" aria-label=\"3 sur 8\"><figure class=\"swiper-slide-inner\"><img decoding=\"async\" class=\"swiper-slide-image\" src=\"https:\/\/2pai-nord.ci\/web\/wp-content\/uploads\/2025\/11\/14.jpg\" alt=\"14\" \/><\/figure><\/div><div class=\"swiper-slide\" role=\"group\" aria-roledescription=\"slide\" aria-label=\"4 sur 8\"><figure class=\"swiper-slide-inner\"><img decoding=\"async\" class=\"swiper-slide-image\" src=\"https:\/\/2pai-nord.ci\/web\/wp-content\/uploads\/2025\/11\/18.jpg\" alt=\"18\" \/><\/figure><\/div><div class=\"swiper-slide\" role=\"group\" aria-roledescription=\"slide\" aria-label=\"5 sur 8\"><figure class=\"swiper-slide-inner\"><img decoding=\"async\" class=\"swiper-slide-image\" src=\"https:\/\/2pai-nord.ci\/web\/wp-content\/uploads\/2025\/11\/image-1.png\" alt=\"image\" \/><\/figure><\/div><div class=\"swiper-slide\" role=\"group\" aria-roledescription=\"slide\" aria-label=\"6 sur 8\"><figure class=\"swiper-slide-inner\"><img decoding=\"async\" class=\"swiper-slide-image\" src=\"https:\/\/2pai-nord.ci\/web\/wp-content\/uploads\/2025\/11\/4-1.jpg\" alt=\"4\" \/><\/figure><\/div><div class=\"swiper-slide\" role=\"group\" aria-roledescription=\"slide\" aria-label=\"7 sur 8\"><figure class=\"swiper-slide-inner\"><img decoding=\"async\" class=\"swiper-slide-image\" src=\"https:\/\/2pai-nord.ci\/web\/wp-content\/uploads\/2025\/11\/30.jpg\" alt=\"30\" \/><\/figure><\/div><div class=\"swiper-slide\" role=\"group\" aria-roledescription=\"slide\" aria-label=\"8 sur 8\"><figure class=\"swiper-slide-inner\"><img decoding=\"async\" class=\"swiper-slide-image\" src=\"https:\/\/2pai-nord.ci\/web\/wp-content\/uploads\/2025\/11\/29.jpg\" alt=\"29\" \/><\/figure><\/div>\t\t\t<\/div>\n\t\t\t\t\t\t\t\t\t\t\t\t<div class=\"elementor-swiper-button elementor-swiper-button-prev\" role=\"button\" tabindex=\"0\">\n\t\t\t\t\t\t<svg aria-hidden=\"true\" class=\"e-font-icon-svg e-eicon-chevron-left\" viewBox=\"0 0 1000 1000\" xmlns=\"http:\/\/www.w3.org\/2000\/svg\"><path d=\"M646 125C629 125 613 133 604 142L308 442C296 454 292 471 292 487 292 504 296 521 308 533L604 854C617 867 629 875 646 875 663 875 679 871 692 858 704 846 713 829 713 812 713 796 708 779 692 767L438 487 692 225C700 217 708 204 708 187 708 171 704 154 692 142 675 129 663 125 646 125Z\"><\/path><\/svg>\t\t\t\t\t<\/div>\n\t\t\t\t\t<div class=\"elementor-swiper-button elementor-swiper-button-next\" role=\"button\" tabindex=\"0\">\n\t\t\t\t\t\t<svg aria-hidden=\"true\" class=\"e-font-icon-svg e-eicon-chevron-right\" viewBox=\"0 0 1000 1000\" xmlns=\"http:\/\/www.w3.org\/2000\/svg\"><path d=\"M696 533C708 521 713 504 713 487 713 471 708 454 696 446L400 146C388 133 375 125 354 125 338 125 325 129 313 142 300 154 292 171 292 187 292 204 296 221 308 233L563 492 304 771C292 783 288 800 288 817 288 833 296 850 308 863 321 871 338 875 354 875 371 875 388 867 400 854L696 533Z\"><\/path><\/svg>\t\t\t\t\t<\/div>\n\t\t\t\t\n\t\t\t\t\t\t\t\t\t<div class=\"swiper-pagination\"><\/div>\n\t\t\t\t\t\t\t\t\t<\/div>\n\t\t\t\t\t\t<\/div>\n\t\t\t\t<\/div>\n\t\t\t\t\t<\/div>\n\t\t\t\t<\/div>\n\t\t\t\t<\/div>\n\t\t","protected":false},"excerpt":{"rendered":"<p>Le Projet de P\u00f4le Agro-Industriel dans le Nord de la C\u00f4te d\u2019Ivoire (2PAI-NORD), mis en \u0153uvre sous la tutelle du Minist\u00e8re d\u2019Etat, Minist\u00e8re de l\u2019Agriculture,<\/p>\n","protected":false},"author":5,"featured_media":12634,"comment_status":"open","ping_status":"open","sticky":false,"template":"","format":"standard","meta":{"_acf_changed":false,"_eb_attr":"","_monsterinsights_skip_tracking":false,"_monsterinsights_sitenote_active":false,"_monsterinsights_sitenote_note":"","_monsterinsights_sitenote_category":0,"footnotes":""},"categories":[93],"tags":[],"class_list":["post-12647","post","type-post","status-publish","format-standard","has-post-thumbnail","hentry","category-actualites"],"acf":[],"aioseo_notices":[],"_links":{"self":[{"href":"https:\/\/2pai-nord.ci\/web\/wp-json\/wp\/v2\/posts\/12647","targetHints":{"allow":["GET"]}}],"collection":[{"href":"https:\/\/2pai-nord.ci\/web\/wp-json\/wp\/v2\/posts"}],"about":[{"href":"https:\/\/2pai-nord.ci\/web\/wp-json\/wp\/v2\/types\/post"}],"author":[{"embeddable":true,"href":"https:\/\/2pai-nord.ci\/web\/wp-json\/wp\/v2\/users\/5"}],"replies":[{"embeddable":true,"href":"https:\/\/2pai-nord.ci\/web\/wp-json\/wp\/v2\/comments?post=12647"}],"version-history":[{"count":10,"href":"https:\/\/2pai-nord.ci\/web\/wp-json\/wp\/v2\/posts\/12647\/revisions"}],"predecessor-version":[{"id":12662,"href":"https:\/\/2pai-nord.ci\/web\/wp-json\/wp\/v2\/posts\/12647\/revisions\/12662"}],"wp:featuredmedia":[{"embeddable":true,"href":"https:\/\/2pai-nord.ci\/web\/wp-json\/wp\/v2\/media\/12634"}],"wp:attachment":[{"href":"https:\/\/2pai-nord.ci\/web\/wp-json\/wp\/v2\/media?parent=12647"}],"wp:term":[{"taxonomy":"category","embeddable":true,"href":"https:\/\/2pai-nord.ci\/web\/wp-json\/wp\/v2\/categories?post=12647"},{"taxonomy":"post_tag","embeddable":true,"href":"https:\/\/2pai-nord.ci\/web\/wp-json\/wp\/v2\/tags?post=12647"}],"curies":[{"name":"wp","href":"https:\/\/api.w.org\/{rel}","templated":true}]}}